{"id":55,"count":1,"description":"","link":"https:\/\/buenavistacafe.com.br\/blog\/tag\/cafeparkinsonalzheimercancersaude\/","name":"caf\u00e9;parkinson;Alzheimer;c\u00e2ncer;sa\u00fade","slug":"cafeparkinsonalzheimercancersaude","taxonomy":"post_tag","meta":[],"_links":{"self":[{"href":"https:\/\/buenavistacafe.com.br\/blog\/wp-json\/wp\/v2\/tags\/55"}],"collection":[{"href":"https:\/\/buenavistacafe.com.br\/blog\/wp-json\/wp\/v2\/tags"}],"about":[{"href":"https:\/\/buenavistacafe.com.br\/blog\/wp-json\/wp\/v2\/taxonomies\/post_tag"}],"wp:post_type":[{"href":"https:\/\/buenavistacafe.com.br\/blog\/wp-json\/wp\/v2\/posts?tags=55"}],"curies":[{"name":"wp","href":"https:\/\/api.w.org\/{rel}","templated":true}]}}