{"id":70,"date":"2016-10-19T18:09:24","date_gmt":"2016-10-19T20:09:24","guid":{"rendered":"http:\/\/buenavistacafe.com.br\/blog\/?p=70"},"modified":"2022-01-28T22:30:04","modified_gmt":"2022-01-29T01:30:04","slug":"o-mundo-esta-ficando-chato-o-barista-tambem","status":"publish","type":"post","link":"https:\/\/buenavistacafe.com.br\/blog\/2016\/10\/19\/o-mundo-esta-ficando-chato-o-barista-tambem\/","title":{"rendered":"O mundo est\u00e1 ficando chato, o barista tamb\u00e9m!"},"content":{"rendered":"<p>Mililitros, miligramas e milissegundos, estas s\u00e3o as novas palavras do vocabul\u00e1rio do barista, profissional respons\u00e1vel pela \u00faltima etapa da cadeia produtiva do caf\u00e9, aquela ao qual o caf\u00e9 chega de fato \u00e0s m\u00e3os ou l\u00e1bios do consumidor.<\/p>\n<p><img decoding=\"async\" loading=\"lazy\" class=\"aligncenter size-full wp-image-71\" src=\"http:\/\/buenavistacafe.com.br\/blog\/wp-content\/uploads\/2016\/10\/balanca-acaia-.jpg\" alt=\"balanca-acaia\" width=\"800\" height=\"534\" srcset=\"https:\/\/buenavistacafe.com.br\/blog\/wp-content\/uploads\/2016\/10\/balanca-acaia-.jpg 800w, https:\/\/buenavistacafe.com.br\/blog\/wp-content\/uploads\/2016\/10\/balanca-acaia--416x278.jpg 416w, https:\/\/buenavistacafe.com.br\/blog\/wp-content\/uploads\/2016\/10\/balanca-acaia--300x200.jpg 300w, https:\/\/buenavistacafe.com.br\/blog\/wp-content\/uploads\/2016\/10\/balanca-acaia--768x513.jpg 768w, https:\/\/buenavistacafe.com.br\/blog\/wp-content\/uploads\/2016\/10\/balanca-acaia--50x33.jpg 50w\" sizes=\"(max-width: 800px) 100vw, 800px\" \/><\/p>\n<p>\u00c9 uma profiss\u00e3o que requer aten\u00e7\u00e3o aos detalhes, t\u00e9cnica, conhecimento, mas tamb\u00e9m muita percep\u00e7\u00e3o e sensibilidade. Com as novas tend\u00eancias na forma de extrair o caf\u00e9, muitos baristas se prendem demais aos n\u00fameros e esquece que sua sensibilidade vale muito mais que miligramas ou mililitros para extrair o melhor do gr\u00e3o.<\/p>\n<p>Muitas vezes o foco passa a ser no ritual, com balan\u00e7as de precis\u00e3o, timers, suportes, bandejas, porta filtros, acess\u00f3rios, x\u00edcaras e equipamentos para diversos fins. O barista se sente o ator principal, mas na verdade seu papel sempre ser\u00e1\u00a0o de coadjuvante, pois todos n\u00f3s sabemos quem \u00e9 realmente o ator principal, sim, ele mesmo, aquela bebida escura que tanto amamos!<\/p>\n<p><img decoding=\"async\" loading=\"lazy\" class=\"aligncenter size-full wp-image-72\" src=\"http:\/\/buenavistacafe.com.br\/blog\/wp-content\/uploads\/2016\/10\/hario_scale_metal.jpg\" alt=\"hario_scale_metal\" width=\"1024\" height=\"656\" srcset=\"https:\/\/buenavistacafe.com.br\/blog\/wp-content\/uploads\/2016\/10\/hario_scale_metal.jpg 1024w, https:\/\/buenavistacafe.com.br\/blog\/wp-content\/uploads\/2016\/10\/hario_scale_metal-416x267.jpg 416w, https:\/\/buenavistacafe.com.br\/blog\/wp-content\/uploads\/2016\/10\/hario_scale_metal-300x192.jpg 300w, https:\/\/buenavistacafe.com.br\/blog\/wp-content\/uploads\/2016\/10\/hario_scale_metal-768x492.jpg 768w, https:\/\/buenavistacafe.com.br\/blog\/wp-content\/uploads\/2016\/10\/hario_scale_metal-50x32.jpg 50w\" sizes=\"(max-width: 1024px) 100vw, 1024px\" \/><\/p>\n<p>N\u00e3o que eu seja &#8220;old school&#8221; ou reacion\u00e1rio demais, muito pelo contr\u00e1rio, sou fascinado por novas formas de extrair caf\u00e9, m\u00e9todos, processos e tend\u00eancias. Mas acho que tudo deve ser utilizado apenas para que se consiga extrair o melhor caf\u00e9 da vida! Que essas miligramas, mililitros e milissegundos sirvam apenas como uma base de dados pra que possamos ter par\u00e2metros e protocolos para chegar no santo graal da extra\u00e7\u00e3o!<\/p>\n<p>Ent\u00e3o, pelo bem do caf\u00e9, n\u00e3o seja um barista chato!<\/p>\n<p><em>[Por:\u00a0<span style=\"line-height: 1.5;\">Ronaldo Muinhos, Diretor e especialista em caf\u00e9 do Buenavista Caf\u00e9]<\/span><\/em><\/p>\n","protected":false},"excerpt":{"rendered":"<p>Mililitros, miligramas e milissegundos, estas s\u00e3o as novas palavras do vocabul\u00e1rio do barista, profissional respons\u00e1vel pela \u00faltima etapa da cadeia produtiva do caf\u00e9.<\/p>\n","protected":false},"author":1,"featured_media":71,"comment_status":"closed","ping_status":"closed","sticky":false,"template":"","format":"standard","meta":[],"categories":[1],"tags":[24],"_links":{"self":[{"href":"https:\/\/buenavistacafe.com.br\/blog\/wp-json\/wp\/v2\/posts\/70"}],"collection":[{"href":"https:\/\/buenavistacafe.com.br\/blog\/wp-json\/wp\/v2\/posts"}],"about":[{"href":"https:\/\/buenavistacafe.com.br\/blog\/wp-json\/wp\/v2\/types\/post"}],"author":[{"embeddable":true,"href":"https:\/\/buenavistacafe.com.br\/blog\/wp-json\/wp\/v2\/users\/1"}],"replies":[{"embeddable":true,"href":"https:\/\/buenavistacafe.com.br\/blog\/wp-json\/wp\/v2\/comments?post=70"}],"version-history":[{"count":2,"href":"https:\/\/buenavistacafe.com.br\/blog\/wp-json\/wp\/v2\/posts\/70\/revisions"}],"predecessor-version":[{"id":74,"href":"https:\/\/buenavistacafe.com.br\/blog\/wp-json\/wp\/v2\/posts\/70\/revisions\/74"}],"wp:featuredmedia":[{"embeddable":true,"href":"https:\/\/buenavistacafe.com.br\/blog\/wp-json\/wp\/v2\/media\/71"}],"wp:attachment":[{"href":"https:\/\/buenavistacafe.com.br\/blog\/wp-json\/wp\/v2\/media?parent=70"}],"wp:term":[{"taxonomy":"category","embeddable":true,"href":"https:\/\/buenavistacafe.com.br\/blog\/wp-json\/wp\/v2\/categories?post=70"},{"taxonomy":"post_tag","embeddable":true,"href":"https:\/\/buenavistacafe.com.br\/blog\/wp-json\/wp\/v2\/tags?post=70"}],"curies":[{"name":"wp","href":"https:\/\/api.w.org\/{rel}","templated":true}]}}