{"id":66,"date":"2016-10-17T12:54:19","date_gmt":"2016-10-17T14:54:19","guid":{"rendered":"http:\/\/buenavistacafe.com.br\/blog\/?p=66"},"modified":"2022-01-28T22:30:04","modified_gmt":"2022-01-29T01:30:04","slug":"pascal-press-novo-metodo-de-extracao-sob-pressao-portatil","status":"publish","type":"post","link":"https:\/\/buenavistacafe.com.br\/blog\/2016\/10\/17\/pascal-press-novo-metodo-de-extracao-sob-pressao-portatil\/","title":{"rendered":"Pascal Press, novo m\u00e9todo de extra\u00e7\u00e3o sob press\u00e3o port\u00e1til."},"content":{"rendered":"<p>O Pascal Press \u00e9 um m\u00e9todo inovador de extra\u00e7\u00e3o de caf\u00e9 sob press\u00e3o port\u00e1til. O que diferencia este m\u00e9todo dos demais m\u00e9todos &#8220;port\u00e1teis&#8221; \u00e9 a separa\u00e7\u00e3o por completo do caf\u00e9 e o p\u00f3 utilizado na extra\u00e7\u00e3o.<\/p>\n<p><img decoding=\"async\" loading=\"lazy\" class=\"alignnone size-full\" src=\"http:\/\/static1.squarespace.com\/static\/56fafb6ec6fc0893e0492f68\/t\/57967034b3db2b270984fc44\/1469476933008\/full.gif\" alt=\"\" width=\"620\" height=\"349\" \/><\/p>\n<p>O contato prolongado do caf\u00e9 com o p\u00f3 pode causar uma superextra\u00e7\u00e3o interferindo negativamente no sabor. Neste m\u00e9todo o caf\u00e9 extra\u00eddo sob press\u00e3o manual passa para uma c\u00e2mara totalmente separada que tamb\u00e9m serve como caneca.<\/p>\n<p><img decoding=\"async\" loading=\"lazy\" class=\"alignnone size-full\" src=\"http:\/\/static1.squarespace.com\/static\/56fafb6ec6fc0893e0492f68\/t\/57914fb5b8a79b0d3e90b85b\/1469140919252\/7.gif\" alt=\"\" width=\"2000\" height=\"2400\" \/><\/p>\n<p>&nbsp;<\/p>\n<p>O Pascal Press \u00e9 um projeto que conta com financiamento coletivo e pode ser adquirido no site: https:\/\/www.indiegogo.com\/projects\/pascal-press-a-truly-portable-coffee-press-camping-gadget#\/<\/p>\n<p>O m\u00e9todo lembra muito uma Aeropress com algumas caracter\u00edsticas do Moka.<\/p>\n","protected":false},"excerpt":{"rendered":"<p>O Pascal Press \u00e9 um m\u00e9todo inovador de extra\u00e7\u00e3o de caf\u00e9 sob press\u00e3o port\u00e1til.<\/p>\n","protected":false},"author":1,"featured_media":67,"comment_status":"closed","ping_status":"closed","sticky":false,"template":"","format":"standard","meta":[],"categories":[19],"tags":[23],"_links":{"self":[{"href":"https:\/\/buenavistacafe.com.br\/blog\/wp-json\/wp\/v2\/posts\/66"}],"collection":[{"href":"https:\/\/buenavistacafe.com.br\/blog\/wp-json\/wp\/v2\/posts"}],"about":[{"href":"https:\/\/buenavistacafe.com.br\/blog\/wp-json\/wp\/v2\/types\/post"}],"author":[{"embeddable":true,"href":"https:\/\/buenavistacafe.com.br\/blog\/wp-json\/wp\/v2\/users\/1"}],"replies":[{"embeddable":true,"href":"https:\/\/buenavistacafe.com.br\/blog\/wp-json\/wp\/v2\/comments?post=66"}],"version-history":[{"count":2,"href":"https:\/\/buenavistacafe.com.br\/blog\/wp-json\/wp\/v2\/posts\/66\/revisions"}],"predecessor-version":[{"id":69,"href":"https:\/\/buenavistacafe.com.br\/blog\/wp-json\/wp\/v2\/posts\/66\/revisions\/69"}],"wp:featuredmedia":[{"embeddable":true,"href":"https:\/\/buenavistacafe.com.br\/blog\/wp-json\/wp\/v2\/media\/67"}],"wp:attachment":[{"href":"https:\/\/buenavistacafe.com.br\/blog\/wp-json\/wp\/v2\/media?parent=66"}],"wp:term":[{"taxonomy":"category","embeddable":true,"href":"https:\/\/buenavistacafe.com.br\/blog\/wp-json\/wp\/v2\/categories?post=66"},{"taxonomy":"post_tag","embeddable":true,"href":"https:\/\/buenavistacafe.com.br\/blog\/wp-json\/wp\/v2\/tags?post=66"}],"curies":[{"name":"wp","href":"https:\/\/api.w.org\/{rel}","templated":true}]}}