{"id":60,"date":"2016-10-12T18:52:35","date_gmt":"2016-10-12T21:52:35","guid":{"rendered":"http:\/\/buenavistacafe.com.br\/blog\/?p=60"},"modified":"2022-01-28T22:30:04","modified_gmt":"2022-01-29T01:30:04","slug":"embalagens-de-cara-nova","status":"publish","type":"post","link":"https:\/\/buenavistacafe.com.br\/blog\/2016\/10\/12\/embalagens-de-cara-nova\/","title":{"rendered":"Embalagens de cara nova"},"content":{"rendered":"<p><img decoding=\"async\" loading=\"lazy\" class=\"size-full wp-image-61 aligncenter\" src=\"http:\/\/buenavistacafe.com.br\/blog\/wp-content\/uploads\/2016\/10\/DSCN82qqqq57.jpg\" alt=\"dscn82qqqq57\" width=\"864\" height=\"648\" srcset=\"https:\/\/buenavistacafe.com.br\/blog\/wp-content\/uploads\/2016\/10\/DSCN82qqqq57.jpg 864w, https:\/\/buenavistacafe.com.br\/blog\/wp-content\/uploads\/2016\/10\/DSCN82qqqq57-416x312.jpg 416w, https:\/\/buenavistacafe.com.br\/blog\/wp-content\/uploads\/2016\/10\/DSCN82qqqq57-300x225.jpg 300w, https:\/\/buenavistacafe.com.br\/blog\/wp-content\/uploads\/2016\/10\/DSCN82qqqq57-768x576.jpg 768w, https:\/\/buenavistacafe.com.br\/blog\/wp-content\/uploads\/2016\/10\/DSCN82qqqq57-50x38.jpg 50w\" sizes=\"(max-width: 864px) 100vw, 864px\" \/><\/p>\n<p>As embalagens de caf\u00e9 mo\u00eddo ou em gr\u00e3os Buenavista est\u00e3o com um novo r\u00f3tulo, que traz um visual mais despojado e atual.<\/p>\n<p>Os pontos de venda do caf\u00e9 em Juiz de Fora, e tamb\u00e9m a loja virtual na internet, j\u00e1 est\u00e3o atualizados com a novidade.<\/p>\n<p>Quanto ao produto, a qualidade permanece a mesma. As embalagens continuam sendo compostas unicamente por gr\u00e3os de alt\u00edssima qualidade, 100% Ar\u00e1bica.<\/p>\n<p><strong>Cores e Design<\/strong><\/p>\n<p>O novo r\u00f3tulo manteve a colora\u00e7\u00e3o predominante da identidade visual da marca, e possui agora novas informa\u00e7\u00f5es.<\/p>\n<p>Est\u00e3o apresentadas na parte central do r\u00f3tulo a altitude de cultivo dos gr\u00e3os especiais, a latitude e longitude da localiza\u00e7\u00e3o geogr\u00e1fica da fazenda em que os gr\u00e3os foram produzidos, e tamb\u00e9m a pontua\u00e7\u00e3o dos gr\u00e3os contidos na embalagem, segundo a Classifica\u00e7\u00e3o Americana de Caf\u00e9s Especiais.<\/p>\n<p>Essa escala foi criada para medir a qualidade dos caf\u00e9s e vai de zero a 100 pontos. O Caf\u00e9 Buenavista \u00e9 composto por gr\u00e3os classificados em, no m\u00ednimo, 84 pontos. Enquanto isso, um caf\u00e9 comercial, desses comuns vendidos em supermercados, n\u00e3o ultrapassa os 60 pontos.<\/p>\n<p><strong>Detalhes que fazem a diferen\u00e7a<\/strong><\/p>\n<p>A embalagem conta com uma v\u00e1lvula arom\u00e1tica que preserva por mais tempo a qualidade do caf\u00e9.<\/p>\n<p>O fechamento em z\u00edper \u00e9 outro diferencial que permite uma melhor conserva\u00e7\u00e3o do produto ap\u00f3s aberto.<\/p>\n<p>No canto inferior direito da embalagem, h\u00e1 ainda um QRCode, que pode ser acessado atrav\u00e9s do smarphone para a obten\u00e7\u00e3o de todos os detalhes sobre\u00a0 o caf\u00e9.<\/p>\n<p><strong>Estrat\u00e9gia<\/strong><\/p>\n<p>Segundo Ronaldo Muinhos, propriet\u00e1rio da Buenavista Caf\u00e9, a embalagem \u00e9 o ativo mais valioso e vis\u00edvel da marca.<\/p>\n<p>Ele explica que a ideia de modernizar o r\u00f3tulo \u00e9 para facilitar a escolha dos consumidores e dar a eles mais informa\u00e7\u00f5es \u00fateis sobre o produto, deixando de lado textos desnecess\u00e1rios.<\/p>\n<p>Al\u00e9m disso, o r\u00f3tulo foi internacionalizado. As informa\u00e7\u00f5es est\u00e3o padronizadas e compat\u00edveis aos mercados internacionais, possibilitando assim a comercializa\u00e7\u00e3o do produto para outros pa\u00edses, de maneira mais eficiente.<\/p>\n","protected":false},"excerpt":{"rendered":"<p>As embalagens de caf\u00e9 mo\u00eddo ou em gr\u00e3os Buenavista est\u00e3o com um novo r\u00f3tulo, que trazem um visual mais despojado e atual.<\/p>\n","protected":false},"author":1,"featured_media":62,"comment_status":"closed","ping_status":"closed","sticky":false,"template":"","format":"standard","meta":[],"categories":[19],"tags":[20,22,21],"_links":{"self":[{"href":"https:\/\/buenavistacafe.com.br\/blog\/wp-json\/wp\/v2\/posts\/60"}],"collection":[{"href":"https:\/\/buenavistacafe.com.br\/blog\/wp-json\/wp\/v2\/posts"}],"about":[{"href":"https:\/\/buenavistacafe.com.br\/blog\/wp-json\/wp\/v2\/types\/post"}],"author":[{"embeddable":true,"href":"https:\/\/buenavistacafe.com.br\/blog\/wp-json\/wp\/v2\/users\/1"}],"replies":[{"embeddable":true,"href":"https:\/\/buenavistacafe.com.br\/blog\/wp-json\/wp\/v2\/comments?post=60"}],"version-history":[{"count":2,"href":"https:\/\/buenavistacafe.com.br\/blog\/wp-json\/wp\/v2\/posts\/60\/revisions"}],"predecessor-version":[{"id":64,"href":"https:\/\/buenavistacafe.com.br\/blog\/wp-json\/wp\/v2\/posts\/60\/revisions\/64"}],"wp:featuredmedia":[{"embeddable":true,"href":"https:\/\/buenavistacafe.com.br\/blog\/wp-json\/wp\/v2\/media\/62"}],"wp:attachment":[{"href":"https:\/\/buenavistacafe.com.br\/blog\/wp-json\/wp\/v2\/media?parent=60"}],"wp:term":[{"taxonomy":"category","embeddable":true,"href":"https:\/\/buenavistacafe.com.br\/blog\/wp-json\/wp\/v2\/categories?post=60"},{"taxonomy":"post_tag","embeddable":true,"href":"https:\/\/buenavistacafe.com.br\/blog\/wp-json\/wp\/v2\/tags?post=60"}],"curies":[{"name":"wp","href":"https:\/\/api.w.org\/{rel}","templated":true}]}}