{"id":209,"date":"2017-04-18T16:28:39","date_gmt":"2017-04-18T19:28:39","guid":{"rendered":"http:\/\/buenavistacafe.com.br\/blog\/?p=209"},"modified":"2022-01-28T22:29:35","modified_gmt":"2022-01-29T01:29:35","slug":"o-que-o-dr-rey-entende-de-cafe","status":"publish","type":"post","link":"https:\/\/buenavistacafe.com.br\/blog\/2017\/04\/18\/o-que-o-dr-rey-entende-de-cafe\/","title":{"rendered":"O que o Dr. Rey entende de caf\u00e9?"},"content":{"rendered":"<p>Um v\u00eddeo publicado por Dr. Rey, cirurgi\u00e3o pl\u00e1stico e apresentador, levantou algumas quest\u00f5es sobre os malef\u00edcios do caf\u00e9. O v\u00eddeo tem cerca de 170.000 visualiza\u00e7\u00f5es no Youtube e faz duras cr\u00edticas, sem base cient\u00edfica, sobre o caf\u00e9.<\/p>\n<h3>Leia tamb\u00e9m: <a href=\"http:\/\/buenavistacafe.com.br\/blog\/2016\/10\/22\/cafe-forte-desconstruindo-um-mito\/\">Caf\u00e9 Forte, desconstruindo um mito.<\/a><\/h3>\n<p>N\u00f3s do Buenavista Caf\u00e9, como difusores de informa\u00e7\u00f5es sobre o universo do caf\u00e9, n\u00e3o poder\u00edamos ficar de fora dessa pol\u00eamica. Analisamos\u00a0cada trecho do v\u00eddeo e rebatemos cada afirma\u00e7\u00e3o absurda com base em estudos recentes sobre o assunto.<\/p>\n<p><em><strong>Dr. Rey: Brasil j\u00e1 foi um dos maiores produtores de caf\u00e9 do mundo, hoje n\u00e3o.<\/strong><\/em><\/p>\n<p>O desconhecimento sobre o assunto \u00e9 evidente j\u00e1 na primeira frase. O Brasil \u00e9 o maior produtor de caf\u00e9 do mundo e no \u00faltimo ano produziu 55\u00a0milh\u00f5es de sacas. Seguido de Vietn\u00e3, que produziu 22,5\u00a0milh\u00f5es de sacas, e da Col\u00f4mbia, com 14,5\u00a0milh\u00f5es de sacas.<\/p>\n<figure id=\"attachment_210\" aria-describedby=\"caption-attachment-210\" style=\"width: 719px\" class=\"wp-caption aligncenter\"><img decoding=\"async\" loading=\"lazy\" class=\"size-full wp-image-210\" src=\"http:\/\/buenavistacafe.com.br\/blog\/wp-content\/uploads\/2017\/04\/Sem-t\u00edtulo.jpg\" alt=\"Produ\u00e7\u00e3o Total 2016. Por 1.000 sacas de 60Kg. Fonte: Organiza\u00e7\u00e3o Internacional do caf\u00e9\" width=\"719\" height=\"432\" srcset=\"https:\/\/buenavistacafe.com.br\/blog\/wp-content\/uploads\/2017\/04\/Sem-t\u00edtulo.jpg 719w, https:\/\/buenavistacafe.com.br\/blog\/wp-content\/uploads\/2017\/04\/Sem-t\u00edtulo-416x250.jpg 416w, https:\/\/buenavistacafe.com.br\/blog\/wp-content\/uploads\/2017\/04\/Sem-t\u00edtulo-300x180.jpg 300w, https:\/\/buenavistacafe.com.br\/blog\/wp-content\/uploads\/2017\/04\/Sem-t\u00edtulo-50x30.jpg 50w\" sizes=\"(max-width: 719px) 100vw, 719px\" \/><figcaption id=\"caption-attachment-210\" class=\"wp-caption-text\">Produ\u00e7\u00e3o total 2016. Por 1.000 sacas de 60Kg. Fonte: Organiza\u00e7\u00e3o Internacional do caf\u00e9<\/figcaption><\/figure>\n<p>&nbsp;<\/p>\n<p><em><strong>Dr. Rey: Caf\u00e9 \u00e9 um total veneno.<\/strong><\/em><\/p>\n<p>O caf\u00e9 \u00e9 um produto composto por dezenas de subst\u00e2ncias distintas, entre elas a cafe\u00edna (1% a 2,5%), niacina, \u00e1cidos clorog\u00eanicos, amino\u00e1cidos, sais minerais, a\u00e7ucares e lip\u00eddios.<\/p>\n<p>A\u00a0cafe\u00edna \u00e9 uma subst\u00e2ncia estimulante, e que em grandes quantidades pode at\u00e9 ser letal. Cerca de 10g de cafe\u00edna pura, em p\u00f3, representaria uma dose letal. Uma x\u00edcara de caf\u00e9 pode conter entre 40 a 140mg de cafe\u00edna, o que torna o consumo seguro, mesmo em grandes quantidades.<\/p>\n<p>Algumas pessoas podem ter sensibilidade \u00e0\u00a0alguns desses compostos, e ter seu consumo restringido, mas a afirma\u00e7\u00e3o de que caf\u00e9 \u00e9 um total veneno \u00e9 irrespons\u00e1vel e sem bases cient\u00edficas.<\/p>\n<p>Muitos estudos cient\u00edficos, publicados por renomadas institui\u00e7\u00f5es de ensino pelo mundo, tem indicado que o consumo de caf\u00e9 pode trazer diversos benef\u00edcios \u00e0 sa\u00fade, como redu\u00e7\u00e3o do risco de diabetes mellitus tipo 2, hipertens\u00e3o, doen\u00e7as coronarianas, Parkinson, Alzheimer, redu\u00e7\u00e3o na recorr\u00eancia de c\u00e2ncer de c\u00f3lon, aumentando as chances de cura, de acordo com o Centro para o C\u00e2ncer Dana-Farber de Boston e tamb\u00e9m redu\u00e7\u00e3o dos riscos de c\u00e2ncer de pr\u00f3stata, segundo a Escola de Sa\u00fade P\u00fablica de Harvard, nos Estados Unidos, a redu\u00e7\u00e3o nos riscos poderia chegar \u00e0 60%.<\/p>\n<p>Algumas publica\u00e7\u00f5es:<\/p>\n<ul>\n<li>Uma x\u00edcara de caf\u00e9 podem ajudar alguns sintomas da doen\u00e7a de Parkinson. American Academy of Neurology:\u00a0<a href=\"https:\/\/www.aan.com\/pressroom\/home\/pressrelease\/1096\">https:\/\/www.aan.com\/pressroom\/home\/pressrelease\/1096<\/a><\/li>\n<li>Cafe\u00edna como protetora da dem\u00eancia e doen\u00e7a de\u00a0Alzheimer. \u00a0US National Library of Medicine National Institutes of Health:\u00a0<a href=\"https:\/\/www.ncbi.nlm.nih.gov\/pubmed\/20182054\">https:\/\/www.ncbi.nlm.nih.gov\/pubmed\/20182054<\/a><\/li>\n<li>Efeitos da cafe\u00edna na doen\u00e7a de Parkinson: da neuroprote\u00e7\u00e3o ao tratamento de sintomas motores e n\u00e3o motores.\u00a0US National Library of Medicine National Institutes of Health:\u00a0<a href=\"https:\/\/www.ncbi.nlm.nih.gov\/pubmed\/20182024\">https:\/\/www.ncbi.nlm.nih.gov\/pubmed\/20182024<\/a><\/li>\n<li>Efeitos do consumo habitual de caf\u00e9 nas doen\u00e7as cardiometab\u00f3licas e cardiovasculares.\u00a0US National Library of Medicine National Institutes of Health:\u00a0<a href=\"https:\/\/www.ncbi.nlm.nih.gov\/pubmed\/23871889\">https:\/\/www.ncbi.nlm.nih.gov\/pubmed\/23871889<\/a><\/li>\n<\/ul>\n<p><em><strong>Dr. Rey: \u00c9 utilizado no beneficiamento de caf\u00e9 o mesmo produto qu\u00edmico do \u00a0Zyklon-B, utilizado nos campos de concentra\u00e7\u00e3o nazista.<\/strong><\/em><\/p>\n<p>Um dos compostos do\u00a0Zyklon-B \u00e9 o cianeto de hidrog\u00eanio. Este composto era utilizado no controle de pragas via fumiga\u00e7\u00e3o, mas teve seu uso controlado no Brasil e n\u00e3o \u00e9 mais utilizado para este fim.<\/p>\n<p>A agroind\u00fastria evoluiu, e hoje temos insumos seguros para a utiliza\u00e7\u00e3o em alimentos.<\/p>\n<p><em><strong>Dr. Rey:\u00a0Caf\u00e9 bloqueia a absor\u00e7\u00e3o de vitamina B, D e C\u00e1lcio.<\/strong><\/em><\/p>\n<p>Em um estudo colaborativo entre a Universidade Creighton, em Nebraska e a Universidade de Miami, na Fl\u00f3rida, pesquisadores demonstraram que a cafe\u00edna pode interferir na absor\u00e7\u00e3o de vitamina D. Os resultados, publicados no &#8220;Journal of Steroid Biochemistry and Molecular Biology&#8221;, demonstraram que quanto maior o n\u00edvel de cafe\u00edna, menos a absor\u00e7\u00e3o de vitamina D. O estudo sugeriu que a cafe\u00edna atuou na redu\u00e7\u00e3o de receptores de vitamina D em osteoblastos no organismo, c\u00e9lulas respons\u00e1veis pela produ\u00e7\u00e3o de osso.<\/p>\n<p><span class=\"goog-text-highlight\">A cafe\u00edna tamb\u00e9m pode interferir com a absor\u00e7\u00e3o de c\u00e1lcio. <\/span>Um estudo publicado na revista &#8220;Osteoporosis International&#8221; mostrou que apenas uma x\u00edcara de caf\u00e9 pode reduzir, ligeiramente, a absor\u00e7\u00e3o de c\u00e1lcio no corpo e aumentar a sua perda atrav\u00e9s da urina, devido ao seu efeito diur\u00e9tico. Al\u00e9m disso, a perda \u00f3ssea tem sido demonstrado em pessoas com baixo teor de c\u00e1lcio ou baixa ingest\u00e3o total de c\u00e1lcio que bebem 2 ou mais x\u00edcaras de caf\u00e9 por dia, de acordo com um estudo de 205 mulheres p\u00f3s-menop\u00e1usicas publicado no &#8220;American Journal of Clinical Nutrition&#8221;.<\/p>\n<p>No entanto, em pessoas saud\u00e1veis, os efeitos negativos da cafe\u00edna sobre a absor\u00e7\u00e3o de vitaminas e minerais s\u00e3o insignificantes.<\/p>\n<p>Ao associar a defici\u00eancia cr\u00f4nica de vitamina D na popula\u00e7\u00e3o brasileira ao consumo de caf\u00e9, novamente, Dr. Rey comete uma irresponsabilidade sem precedentes, ainda mais no papel de m\u00e9dico.<\/p>\n<p><em><strong>Dr. Rey: Caf\u00e9 te deixa nervoso, triste, irritado&#8230;<\/strong><\/em><\/p>\n<p>Em pesquisa publicada na edi\u00e7\u00e3o de mar\u00e7o de 2016 do &#8220;Australian and New Zealand Journal of Psychiatry&#8221;, indica diminui\u00e7\u00e3o dos riscos de depress\u00e3o associada ao consumo de caf\u00e9. Outro estudo, publicado no &#8220;US National Library of Medicine National Institutes of Health&#8221;, chegou-se \u00e0 mesma conclus\u00e3o.<\/p>\n<h3>Conclus\u00e3o<\/h3>\n<p>A ci\u00eancia ainda carece de estudos sobre o assunto, pois o caf\u00e9 \u00e9 uma bebida altamente complexa e ainda n\u00e3o totalmente estudada pela medicina.\u00a0As afirma\u00e7\u00f5es feitas no v\u00eddeo, em tom de deboche, s\u00e3o irrespons\u00e1veis, sem refer\u00eancias e demonstra total falta de conhecimento sobre as pesquisas recentes.<\/p>\n<p>A dire\u00e7\u00e3o indicada por estas pesquisas, vai na contra m\u00e3os das mencionadas no v\u00eddeo. Consumido com modera\u00e7\u00e3o, os benef\u00edcios para a sa\u00fade s\u00e3o bem mais amplos que os eventuais riscos.<\/p>\n<p>Alguns cuidados devem ser tomados para que estes benef\u00edcios aconte\u00e7am. Consumir caf\u00e9s de qualidade \u00e9 fundamental.<\/p>\n<blockquote class=\"wp-embedded-content\" data-secret=\"5EPQsZEJxB\"><p><a href=\"http:\/\/buenavistacafe.com.br\/blog\/2016\/09\/29\/mineiros-bebem-cafe-improprio-para-consumo\/\">Mineiros bebem caf\u00e9 impr\u00f3prio para consumo<\/a><\/p><\/blockquote>\n<p><iframe class=\"wp-embedded-content\" sandbox=\"allow-scripts\" security=\"restricted\" style=\"position: absolute; clip: rect(1px, 1px, 1px, 1px);\" src=\"http:\/\/buenavistacafe.com.br\/blog\/2016\/09\/29\/mineiros-bebem-cafe-improprio-para-consumo\/embed\/#?secret=5EPQsZEJxB\" data-secret=\"5EPQsZEJxB\" width=\"474\" height=\"267\" title=\"&#8220;Mineiros bebem caf\u00e9 impr\u00f3prio para consumo&#8221; &#8212; Buenavista Caf\u00e9 - Blog\" frameborder=\"0\" marginwidth=\"0\" marginheight=\"0\" scrolling=\"no\"><\/iframe><\/p>\n<p>N\u00f3s do Buenavista Caf\u00e9 podemos afirmar uma coisa, n\u00e3o conhecemos pessoas apaixonadas por caf\u00e9 que sejam mal humoradas ou\u00a0infelizes!<\/p>\n","protected":false},"excerpt":{"rendered":"<p>Um v\u00eddeo publicado por Dr. Rey, cirurgi\u00e3o pl\u00e1stico e apresentador, levantou algumas quest\u00f5es sobre os malef\u00edcios do caf\u00e9. N\u00f3s do Buenavista Caf\u00e9, como difusores de informa\u00e7\u00f5es sobre o universo do caf\u00e9, n\u00e3o poder\u00edamos ficar de fora dessa pol\u00eamica. Confiram nossos coment\u00e1rios sobre cada irresponsabilidade dita por ele.<\/p>\n","protected":false},"author":1,"featured_media":212,"comment_status":"closed","ping_status":"closed","sticky":false,"template":"","format":"standard","meta":[],"categories":[54],"tags":[55],"_links":{"self":[{"href":"https:\/\/buenavistacafe.com.br\/blog\/wp-json\/wp\/v2\/posts\/209"}],"collection":[{"href":"https:\/\/buenavistacafe.com.br\/blog\/wp-json\/wp\/v2\/posts"}],"about":[{"href":"https:\/\/buenavistacafe.com.br\/blog\/wp-json\/wp\/v2\/types\/post"}],"author":[{"embeddable":true,"href":"https:\/\/buenavistacafe.com.br\/blog\/wp-json\/wp\/v2\/users\/1"}],"replies":[{"embeddable":true,"href":"https:\/\/buenavistacafe.com.br\/blog\/wp-json\/wp\/v2\/comments?post=209"}],"version-history":[{"count":8,"href":"https:\/\/buenavistacafe.com.br\/blog\/wp-json\/wp\/v2\/posts\/209\/revisions"}],"predecessor-version":[{"id":278,"href":"https:\/\/buenavistacafe.com.br\/blog\/wp-json\/wp\/v2\/posts\/209\/revisions\/278"}],"wp:featuredmedia":[{"embeddable":true,"href":"https:\/\/buenavistacafe.com.br\/blog\/wp-json\/wp\/v2\/media\/212"}],"wp:attachment":[{"href":"https:\/\/buenavistacafe.com.br\/blog\/wp-json\/wp\/v2\/media?parent=209"}],"wp:term":[{"taxonomy":"category","embeddable":true,"href":"https:\/\/buenavistacafe.com.br\/blog\/wp-json\/wp\/v2\/categories?post=209"},{"taxonomy":"post_tag","embeddable":true,"href":"https:\/\/buenavistacafe.com.br\/blog\/wp-json\/wp\/v2\/tags?post=209"}],"curies":[{"name":"wp","href":"https:\/\/api.w.org\/{rel}","templated":true}]}}